{"id":11650,"date":"2019-10-09T13:05:22","date_gmt":"2019-10-09T11:05:22","guid":{"rendered":"https:\/\/blogg.dekode2023.stage.dekodes.no\/?p=3"},"modified":"2023-10-12T21:33:47","modified_gmt":"2023-10-12T19:33:47","slug":"intervju-kirkens-bymisjon","status":"publish","type":"post","link":"https:\/\/dekode2023.stage.dekodes.no\/en\/blog\/2019\/10\/09\/intervju-kirkens-bymisjon\/","title":{"rendered":"Intervju: Kirkens Bymisjon"},"content":{"rendered":"<p class=\"t2-ingress wp-block-t2-ingress\">Da Dekode hadde jobbet med den digitale satsning (b\u00e5de med strategi, nettside og med\u00a0netthandelsl\u00f8sningen) til Kirkens Bymisjon i rundt et \u00e5rs tid, tok vi oss tid til en liten prat om samarbeidet.<\/p>\n\n<p class=\"t2-ingress wp-block-t2-ingress\">Kirkens Bymisjon\u00a0er en organisasjon som er tilstede for mange mennesker p\u00e5 mange forskjellige m\u00e5ter. De opererer i omlag 40 byer og tettsteder i landet og bidrar blant annet med arbeidstiltak for folk som har falt utenfor i samfunnet, varme kafeer med mat eller tiltak som g\u00e5r mer mot behandling av rusavhengighet.<\/p>\n\n\t<div class=\"wp-block-dekode-post-info\">\n\t\t<div class=\"post-info__meta\">\n\t\t\t<div class=\"post-info__author\">\n\t\t\t\t<img alt='' src='https:\/\/secure.gravatar.com\/avatar\/7a5d3b1cd78d3249eb55ea266048d444?s=96&#038;d=mm&#038;r=g' srcset='https:\/\/secure.gravatar.com\/avatar\/7a5d3b1cd78d3249eb55ea266048d444?s=192&#038;d=mm&#038;r=g 2x' class='avatar avatar-96 photo' height='96' width='96' \/>\t\t\t\tDekode Interaktiv\t\t\t<\/div>\n\t\t\t<div class=\"post-info__date\">\n\t\t\t\t<span class=\"screen-reader-text\">Posted on <\/span>\n\t\t\t\t<time datetime=\"2019-10-09T13:05:22+02:00\">9. oktober 2019<\/time>\t\t\t<\/div>\n\t\t<\/div>\n\t\t<div class=\"post-info__terms\">\n\t\t\t<a href=\"https:\/\/dekode2023.stage.dekodes.no\/en\/blog\/category\/kundehistorier\/\" rel=\"tag\">Kundehistorier<\/a>\t\t<\/div>\n\t<\/div>\n\t\n\n<figure class=\"alignfull wp-block-post-featured-image\"><img loading=\"lazy\" decoding=\"async\" width=\"1200\" height=\"675\" src=\"https:\/\/dekode2023.stage.dekodes.no\/content\/uploads\/sites\/2\/2019\/10\/Dekode-kirkensbymisjon-forside-1.jpg\" class=\"attachment-post-thumbnail size-post-thumbnail wp-post-image\" alt=\"\" style=\"object-fit:cover;\" srcset=\"https:\/\/dekode2023.stage.dekodes.no\/content\/uploads\/sites\/2\/2019\/10\/Dekode-kirkensbymisjon-forside-1.jpg 1200w, https:\/\/dekode2023.stage.dekodes.no\/content\/uploads\/sites\/2\/2019\/10\/Dekode-kirkensbymisjon-forside-1-300x169.jpg 300w, https:\/\/dekode2023.stage.dekodes.no\/content\/uploads\/sites\/2\/2019\/10\/Dekode-kirkensbymisjon-forside-1-1024x576.jpg 1024w, https:\/\/dekode2023.stage.dekodes.no\/content\/uploads\/sites\/2\/2019\/10\/Dekode-kirkensbymisjon-forside-1-768x432.jpg 768w\" sizes=\"auto, (max-width: 1200px) 100vw, 1200px\" \/><\/figure>\n\n\n<h2 class=\"wp-block-heading\" id=\"h-sosialt-arbeid-pa-gata-og-pa-nettet\">Sosialt arbeid p\u00e5 gata og p\u00e5 nettet<\/h2>\n\n\n\n<p>Kristian Badendyck Fjeldstad er kommunikasjonsr\u00e5dgiver og prosjektleder i Kirkens Bymisjon og forteller oss om prosjektet, om samarbeidet, og om hva som skal til og hva som kreves for \u00e5 gjennomf\u00f8re et omfattende digitalt prosjekt.<\/p>\n\n\n\n<p>\u2013 <strong>Dere er en stor organisasjon med mange forskjellige utgangspunkt og behov innad i Kirkens Bymisjon. Hvordan var det \u00e5 sette i gang med noe s\u00e5nt som dette?<\/strong><\/p>\n\n\n\n<p><strong>Kristian B. Fjeldstad:&nbsp;<\/strong>\u2013 \u00c5 snakke om webutvikling innad i en organisasjon er ikke alltid like enkelt. For eksempel kan et ord som \u201cintegrasjon\u201d v\u00e6re helt gresk for folk, s\u00e5 vi har v\u00e6rt opptatt av \u00e5 jobbe med hvordan vi snakker om prosjektet for at det skal bli forst\u00e5elig. I Kirkens Bymisjon jobbet vi helt i starten frem enkle prinsipper, som vi hele veien har kommunisert ut som f\u00f8rende for all utvikling. <\/p>\n\n\n\t<div class=\"t2-factbox wp-block-t2-factbox\" id=\"t2-factbox\">\n\t\t<div class=\"t2-factbox__content\">\n\t\t\t<div class=\"t2-factbox__blocks t2-factbox__inner-container\">\n\t\t\t\t\n\n<h3 class=\"wp-block-heading\" id=\"h-kirkens-bymisjon-sin-seks-enkle-prinsipper\">Kirkens bymisjon sin seks enkle prinsipper:<\/h3>\n\n\n\n<ol class=\"wp-block-list\">\n<li>Vi skal tenke praktisk p\u00e5 vegne av v\u00e5re gjester\/brukere\/kunder<\/li>\n\n\n\n<li>Alltid gi v\u00e5re bes\u00f8kende en tydelig \u201cCall to action\u201d<\/li>\n\n\n\n<li>Utvikling basert p\u00e5 analyse, ikke f\u00f8lelser og synsing<\/li>\n\n\n\n<li>Det skal v\u00e6re et samspill mellom plattformene vi har til r\u00e5dighet (kanalkoreografi) \u2013 nettsiden skal ikke l\u00f8se alle problemer og behov<\/li>\n\n\n\n<li>Vi skal v\u00e6re modige og innovative \u2013 t\u00f8rre \u00e5 prioritere, t\u00f8rre \u00e5 bygge stein p\u00e5 stein, t\u00f8rre \u00e5 v\u00e6re i utvikling<\/li>\n\n\n\n<li>Kirkens Bymisjon skal fremst\u00e5 med sammenheng og helhet p\u00e5 tvers av plattformer, arbeidsfelt og bygrenser<\/li>\n<\/ol>\n\n\t\t\t<\/div>\n\t\t\t\t\t<\/div>\n\t\t\t\t<\/div>\n\t\n\n\n<figure class=\"wp-block-image size-large\"><img loading=\"lazy\" decoding=\"async\" width=\"1024\" height=\"681\" src=\"https:\/\/dekode2023.stage.dekodes.no\/content\/uploads\/2018\/03\/badendyck_kirkensbm-1024x681.jpg\" alt=\"\" class=\"wp-image-7083\" srcset=\"https:\/\/dekode2023.stage.dekodes.no\/content\/uploads\/sites\/2\/2018\/03\/badendyck_kirkensbm-1024x681.jpg 1024w, https:\/\/dekode2023.stage.dekodes.no\/content\/uploads\/sites\/2\/2018\/03\/badendyck_kirkensbm-300x200.jpg 300w, https:\/\/dekode2023.stage.dekodes.no\/content\/uploads\/sites\/2\/2018\/03\/badendyck_kirkensbm-768x511.jpg 768w, https:\/\/dekode2023.stage.dekodes.no\/content\/uploads\/sites\/2\/2018\/03\/badendyck_kirkensbm-1536x1022.jpg 1536w, https:\/\/dekode2023.stage.dekodes.no\/content\/uploads\/sites\/2\/2018\/03\/badendyck_kirkensbm-2048x1363.jpg 2048w\" sizes=\"auto, (max-width: 1024px) 100vw, 1024px\" \/><figcaption class=\"wp-element-caption\">Kristian Badendyck Fjeldstad i Kirkens Bymisjon<\/figcaption><\/figure>\n\n\n\n<h4 class=\"wp-block-heading\" id=\"h-hvor-viktig-er-prosessen-i-forkant-av-et-slikt-prosjekt-hva-er-dine-tanker-rundt-dette\">\u2013<strong>Hvor viktig er prosessen i forkant av et slikt prosjekt? Hva er dine tanker rundt dette?<\/strong><\/h4>\n\n\n\n<p><strong>Kristian:<\/strong>&nbsp;\u2013 \u00c5 bruke god tid p\u00e5 forarbeid, med en webstrategi som vi gjorde med dere i Dekode, har v\u00e6rt viktig. Alt vi i Kirkens Bymisjon gj\u00f8r er bygget p\u00e5 denne grunnmuren. I tillegg til at vi f\u00f8lger prinsippene. Vi har satt v\u00e5re interne behov bakerst og brukernes behov helt f\u00f8rst her. Det har v\u00e6rt veldig viktig.<\/p>\n\n\n\n<p>Jeg har l\u00e6rt at bak gode resultater ligger tydelige bestillinger og hardt arbeid. S\u00e5 gj\u00f8r det ikke noe at vi har hatt det skikkelig morsomt sammen p\u00e5 veien. Det er ikke alltid lett \u00e5 finne gode samarbeidspartnere, s\u00e6rlig ikke n\u00e5r man skal jobbe med et prosjekt over tid. Mye kan g\u00e5 galt p\u00e5 veien. Der har vi v\u00e6rt heldige og jeg m\u00e5 f\u00e5 lov til \u00e5 skryte litt av Dekode her. Jeg f\u00f8ler vi n\u00e5 har en gjensidig tillit til hverandre. Og jeg er overbevist om at man m\u00e5 ha gode samarbeidspartnere n\u00e5r man jobber med et prosjekt som dette.<\/p>\n\n\n\n<h2 class=\"wp-block-heading\" id=\"h-wordpress\">WordPress<\/h2>\n\n\n\n<p><strong>Kristian:<\/strong>  \u2013 At vi n\u00e5 tar i bruk WordPress er ogs\u00e5 et godt valg, det er veldig forst\u00e5elig og brukervennlig for de fleste, det hjelper selvsagt n\u00e5r s\u00e5 mange skal v\u00e6re involvert.&nbsp;Men dette handler ogs\u00e5 om mer enn det tekniske. Noe av det viktigste jeg har l\u00e6rt p\u00e5 veien er at man ikke kan \u201csette bort alt\u201d. Gode resultater kommer av eierskap og prioriteringer i bedriften eller i organisasjonen, b\u00e5de i penger og arbeidskapasitet. Vi har et internprosjekt p\u00e5 dette, parallelt, for det er mye vi m\u00e5 holde i selv, for at det skal kunne vare og ikke g\u00e5 dukken om noen \u00e5r. S\u00e5nt er man avhengig. Da vi gikk i gang med prosjektet foretok for eksempel kommunikasjonssjefen v\u00e5r en t\u00f8ff prioritering, og tok meg ut av flere prosjekter i organisasjonen selv om vi var short p\u00e5 folk og presset p\u00e5 kapasitet, nettopp for at jeg kunne f\u00e5 jobbe 100% som prosjektleder for dette digitaliseringsprosjektet.<\/p>\n\n\n\n<h4 class=\"wp-block-heading\" id=\"h-det-hores-ganske-omfattende-ut\">\u2013<strong>Det h\u00f8res ganske omfattende ut?<\/strong><\/h4>\n\n\n\n<p><strong>Kristian:&nbsp;<\/strong>\u2013 Det er ingen tvil om at arbeidet med denne nettl\u00f8sningen har utfordret oss. Dette er jo et omfattende prosjekt som tar for seg alle v\u00e5re omlag 250 tiltak nasjonalt, og s\u00e5 har du i tillegg nettbutikken, som p\u00e5 mange m\u00e5ter er en helt egen ting som virkelig har blomstret. Det er mange behov som skal dekkes og vi er en stor organisasjon. Her ligger mye av utfordringene i og med at vi p\u00e5 mange m\u00e5ter best\u00e5r av en haug med gr\u00fcndere som er opptatt av \u00e5 skape og bygge noe. N\u00e5 var tiden inne for \u00e5 samle Kirkens Bymisjon under en tydelig og klar profil og struktur.<\/p>\n\n\n\n<figure class=\"wp-block-image alignfull\"><img decoding=\"async\" src=\"https:\/\/dekode2023.stage.dekodes.no\/content\/uploads\/2019\/10\/Skjermbilde-2018-03-20-kl.-12.40.44-1024x444.png\" alt=\"Bildeuutsnitt fra Kirkens bymisjon sin nettside. En h\u00e5nd arbeider med h\u00e5ndtverk. Skrift ligger over bildet &quot;N\u00e5 som jeg jobber, opplever jeg at folk gir meg tommel opp. Tidligere viste folk med fingern!&quot; \" class=\"wp-image-10\"\/><\/figure>\n\n\n\n<h2 class=\"wp-block-heading\" id=\"h-tydelige-og-talmodige\">Tydelige og t\u00e5lmodige<\/h2>\n\n\n\n<p><strong>Det er mange endringer som skal skje p\u00e5 kort tid kan jeg tenke meg. Hvordan ble dette prosjektet mottatt i egne rekker?&nbsp;<\/strong><\/p>\n\n\n\n<p><strong>Kristian:&nbsp;<\/strong>\u2013 Vi var tidlig opptatt av at vi skulle gj\u00f8re oss ferdig med den gamle nettsiden, vi ville f\u00e5 opp en beta-nettside, s\u00e5 fort som mulig. Vi m\u00e5tte t\u00f8rre \u00e5 starte p\u00e5 nytt, ta noen t\u00f8ffe valg og begynne \u00e5 bygge derfra. N\u00e5r nettsiden er live og \u00e5pen for verden, blir det veldig konkret og visuelt. Istedenfor \u00e5 bare la prosjektet ligge p\u00e5 tegnebrettet til det er&nbsp;<em>\u201chelt ferdig\u201d<\/em>. N\u00e5 fungerer den som en felles referanseramme og hjelper oss med \u00e5 se de hullene vi m\u00e5 tette, for eksempel; n\u00e5r vi ikke klarer \u00e5 presentere oss godt internt, blir ogs\u00e5 vanskelig eksternt. Med nettsiden blir manglene synlige og hva vi b\u00f8r gj\u00f8re mer h\u00e5ndfast. <\/p>\n\n\n\n<p>\u2013Vi i Kirkens Bymsjon har ogs\u00e5 v\u00e6rt klare og tydelige p\u00e5 at dette prosjektet vil ta tid og at det er under utvikling. Det er det en felles enighet om, selv om det for mange smerter \u00e5 se uferdige l\u00f8sninger og innhold \u201clive\u201d. Heldigvis har organsiasjonen v\u00e6rt ekstremt&nbsp;<em>t\u00e5lMODIGE<\/em>&nbsp;og gitt oss mulighet til dette, samtidig som jeg har f\u00e5tt mange og tydelige tilbakemeldinger p\u00e5 at prosjektet ikke kan komme fort nok videre i utviklingen. Men vi har hele tiden kunnet vise til resultater ut fra hva vi har prioritert og en klar fremdriftsplan.<\/p>\n\n\n\n<p>\u2013 <strong>Har du noen tips til andre som skal sette i gang med noe slikt. I tillegg til det du har nevnt med et grundig forarbeid og tydelighet p\u00e5 hva prosjektet er og skal v\u00e6re?<\/strong><\/p>\n\n\n\n<p><strong>Kristian:&nbsp;<\/strong>\u2013 Jeg har funnet ut, at for meg som kunde, s\u00e5 er det viktig for meg med en god relasjon med de jeg samarbeider med. Det kan bety mange ting. Det handler nok om tillit og at man kan si fra om noe skurrer, begge veier. Vi m\u00e5 levere p\u00e5 hvert v\u00e5rt. Man m\u00e5 ta kunderollen p\u00e5 alvor, man m\u00e5 gi tydelige bestillinger og man m\u00e5 prioritere et prosjekt som dette internt. Som bestiller m\u00e5 man ha ledig tid i timeplanen, for man kan ikke forvente at konsulenter som kommer inn og skal gj\u00f8re en jobb, forst\u00e5r en hel organisasjon sine behov p\u00e5 en-to-tre.<\/p>\n\n\n\t<div class=\"t2-factbox wp-block-t2-factbox\" id=\"t2-factbox-1\">\n\t\t<div class=\"t2-factbox__content\">\n\t\t\t<div class=\"t2-factbox__blocks t2-factbox__inner-container\">\n\t\t\t\t\n\n<h3 class=\"wp-block-heading\" id=\"h-kirkens-bymisjon-sine-5-nokler-til-suksess\"><strong>Kirkens Bymisjon sine 5 n\u00f8kler til suksess:<\/strong><\/h3>\n\n\n\n<ol class=\"wp-block-list\">\n<li>Teknisk utvikling av egne plattformer: som gir oss gode muligheter for videreutvikling og integrasjoner mot andre plattformer<\/li>\n\n\n\n<li>Arbeid med innhold: Tekst, foto og video av h\u00f8y kvalitet<\/li>\n\n\n\n<li>Synlighet\/spredning: \u00d8kt synlighet gjennom strategisk bruk av Google, Facebook, e-postmarkedsf\u00f8ring, tilstedev\u00e6relse i bybildet<\/li>\n\n\n\n<li>Drift og forvaltning: Sikre at v\u00e5re plattformer og v\u00e5rt innhold blir godt ivaretatt, b\u00e5de organisatorisk, teknisk og \u00f8konomisk.<\/li>\n\n\n\n<li>Organisasjonsutvikling: Nye tekniske l\u00f8sninger gj\u00f8r det mulig \u2013 og noen ganger n\u00f8dvendig \u2013 \u00e5 tenke nytt om hvordan vi jobber (organisering, struktur, arbeidsoppgaver)<\/li>\n<\/ol>\n\n\t\t\t<\/div>\n\t\t\t\t\t<\/div>\n\t\t\t\t<\/div>\n\t\n\n\n<h2 class=\"wp-block-heading\" id=\"h-rigget-for-framtida\">Rigget for framtida<\/h2>\n\n\n\n<p>\u2013 <strong>Hva tenker du at dette arbeidet som er lagt ned vil bety for Kirkens Bymisjon?<\/strong><\/p>\n\n\n\n<p><strong>Kristian:<\/strong>&nbsp;\u2013 Det denne plattformen gj\u00f8r, er jo at den legger grunnlaget for det vi skal gj\u00f8re i fremtiden. Denne l\u00f8sningen muliggj\u00f8r flere tiltak som vi ikke har f\u00e5tt til tidligere. Vi jobber jo til daglig med sosialt arbeid, men vi \u00f8nsker \u00e5 videref\u00f8re dette p\u00e5 nett. Det er jo det som er gulroten her, at vi n\u00e5 f\u00e5r muligheten til \u00e5 gj\u00f8re mer for fler. Vi \u00f8nsker jo bety noe for mennesker og for byen v\u00e5r.<\/p>\n\n\n\n<p>\u2013 <strong>N\u00e5 som grunnlaget er lagt, hvor tror du dere er om 10 \u00e5r?<\/strong><\/p>\n\n\n\n<p><strong>Kristian:&nbsp;<\/strong>\u2013 Det er vanskelig \u00e5 sp\u00e5 hva som vil skje, men for meg personlig tenker jeg at vi fortsetter denne utviklingen p\u00e5 nett og min dr\u00f8m er jo at vi kan v\u00e6re et sted gr\u00fcndere kan og vil jobbe med om de \u00f8nsker \u00e5 l\u00f8se sosiale problemer med digitale l\u00f8sninger At vi blir en slags hub eller skaper et milj\u00f8 for sosialt arbeid p\u00e5 nett. Vi f\u00e5r jo allerede henvendelser fra folk med gode ideer, men jeg h\u00e5per det kan bli enda mer av dette \u2013 og at vi kan ta i mot ballen. Med v\u00e5r nye plattform tenker jeg at dette ikke er umulig, n\u00e5 er vi rigga for framtida.<\/p>\n\n\n\n<h2 class=\"wp-block-heading\" id=\"h-linker\">Linker:<\/h2>\n\n\n\n<p><a href=\"https:\/\/kirkensbymisjon.no\/\">Bes\u00f8k Kirkens Bymisjon sine nettsider<\/a><\/p>\n\n\n\n<p><a href=\"https:\/\/kirkensbymisjon.no\/nettbutikk\/\">Bes\u00f8k nettbutikken til Kirkens Bymisjon<\/a><\/p>\n\n\n\n<p><a href=\"https:\/\/dekode2023.stage.dekodes.no\/prosjekter\/kirkens-bymisjon\/\">Les v\u00e5r prosjektbeskrivelse av samarbeidet med Kirkens Bymisjon<\/a><\/p>\n\n\n\n<figure class=\"wp-block-image alignfull\"><img decoding=\"async\" src=\"https:\/\/dekode2023.stage.dekodes.no\/content\/uploads\/2019\/10\/Skjermbilde-2018-03-20-kl.-12.50.12-1024x445.png\" alt=\"Bildeuutsnitt fra Kirkens bymisjon sin nettside. En h\u00e5nd holder rundt en kaffekopp. Skrift ligger over &quot;Du kan ikke g\u00e5 aleine p\u00e5 gata, det g\u00e5r ikke det&quot;. \" class=\"wp-image-11\"\/><\/figure>\n\n\n\n<h2 class=\"wp-block-heading\" id=\"h-kan-vi-hjelpe-deg-nbsp\">Kan vi hjelpe deg?&nbsp;<\/h2>\n\n\n\n<p>Vil du vite mer om hvordan vi kan hjelpe deg med en nettside basert p\u00e5 WordPress, Gutenberg og Teft?&nbsp;<a href=\"https:\/\/blogg.dekode2023.stage.dekodes.no\/la-oss-introdusere-deg-for-gutenberg\/hei@dekode.no\" target=\"_blank\" rel=\"noreferrer noopener\">Send oss en mail da vel<\/a>!<\/p>\n","protected":false},"excerpt":{"rendered":"<p>Sosialt arbeid p\u00e5 gata og p\u00e5 nettet Kristian Badendyck Fjeldstad er kommunikasjonsr\u00e5dgiver og prosjektleder i Kirkens Bymisjon og forteller oss om prosjektet, om samarbeidet, og om hva som skal til og hva som kreves for \u00e5 gjennomf\u00f8re et omfattende digitalt prosjekt. \u2013 Dere er en stor organisasjon med mange forskjellige utgangspunkt og behov innad i [&hellip;]<\/p>\n","protected":false},"author":1,"featured_media":24,"comment_status":"open","ping_status":"open","sticky":false,"template":"","format":"standard","meta":{"t2_featured_media_focal_point":{"x":0.5,"y":0.5},"footnotes":""},"categories":[65],"tags":[81,82,83],"class_list":["post-11650","post","type-post","status-publish","format-standard","has-post-thumbnail","hentry","category-kundehistorier","tag-intervju","tag-kundeuttalelse","tag-organisasjon"],"yoast_head":"<!-- This site is optimized with the Yoast SEO Premium plugin v25.3.1 (Yoast SEO v25.9) - https:\/\/yoast.com\/wordpress\/plugins\/seo\/ -->\n<title>Intervju: Kirkens Bymisjon - Dekode EN<\/title>\n<meta name=\"description\" content=\"Da Dekode har jobbet med den digitale satsning, b\u00e5de med strategi, nettside og med netthandelsl\u00f8sningen, til Kirkens Bymisjon. Les om samarbeidet her!\" \/>\n<meta name=\"robots\" content=\"index, follow, max-snippet:-1, max-image-preview:large, max-video-preview:-1\" \/>\n<link rel=\"canonical\" href=\"https:\/\/dekode2023.stage.dekodes.no\/en\/blog\/2019\/10\/09\/intervju-kirkens-bymisjon\/\" \/>\n<meta property=\"og:locale\" content=\"nb_NO\" \/>\n<meta property=\"og:type\" content=\"article\" \/>\n<meta property=\"og:title\" content=\"Intervju: Kirkens Bymisjon\" \/>\n<meta property=\"og:description\" content=\"Da Dekode har jobbet med den digitale satsning, b\u00e5de med strategi, nettside og med netthandelsl\u00f8sningen, til Kirkens Bymisjon. Les om samarbeidet her!\" \/>\n<meta property=\"og:url\" content=\"https:\/\/dekode2023.stage.dekodes.no\/en\/blog\/2019\/10\/09\/intervju-kirkens-bymisjon\/\" \/>\n<meta property=\"og:site_name\" content=\"Dekode EN\" \/>\n<meta property=\"article:published_time\" content=\"2019-10-09T11:05:22+00:00\" \/>\n<meta property=\"article:modified_time\" content=\"2023-10-12T19:33:47+00:00\" \/>\n<meta property=\"og:image\" content=\"https:\/\/dekode2023.stage.dekodes.no\/content\/uploads\/sites\/2\/2019\/10\/Dekode-kirkensbymisjon-forside-1.jpg\" \/>\n\t<meta property=\"og:image:width\" content=\"1200\" \/>\n\t<meta property=\"og:image:height\" content=\"675\" \/>\n\t<meta property=\"og:image:type\" content=\"image\/jpeg\" \/>\n<meta name=\"author\" content=\"Dekode Interaktiv\" \/>\n<meta name=\"twitter:card\" content=\"summary_large_image\" \/>\n<meta name=\"twitter:label1\" content=\"Skrevet av\" \/>\n\t<meta name=\"twitter:data1\" content=\"Dekode Interaktiv\" \/>\n\t<meta name=\"twitter:label2\" content=\"Ansl. lesetid\" \/>\n\t<meta name=\"twitter:data2\" content=\"9 minutter\" \/>\n<script type=\"application\/ld+json\" class=\"yoast-schema-graph\">{\"@context\":\"https:\/\/schema.org\",\"@graph\":[{\"@type\":\"WebPage\",\"@id\":\"https:\/\/dekode2023.stage.dekodes.no\/en\/blog\/2019\/10\/09\/intervju-kirkens-bymisjon\/\",\"url\":\"https:\/\/dekode2023.stage.dekodes.no\/en\/blog\/2019\/10\/09\/intervju-kirkens-bymisjon\/\",\"name\":\"Intervju: Kirkens Bymisjon - Dekode EN\",\"isPartOf\":{\"@id\":\"https:\/\/dekode2023.stage.dekodes.no\/en\/#website\"},\"primaryImageOfPage\":{\"@id\":\"https:\/\/dekode2023.stage.dekodes.no\/en\/blog\/2019\/10\/09\/intervju-kirkens-bymisjon\/#primaryimage\"},\"image\":{\"@id\":\"https:\/\/dekode2023.stage.dekodes.no\/en\/blog\/2019\/10\/09\/intervju-kirkens-bymisjon\/#primaryimage\"},\"thumbnailUrl\":\"https:\/\/dekode2023.stage.dekodes.no\/content\/uploads\/sites\/2\/2019\/10\/Dekode-kirkensbymisjon-forside-1.jpg\",\"datePublished\":\"2019-10-09T11:05:22+00:00\",\"dateModified\":\"2023-10-12T19:33:47+00:00\",\"author\":{\"@id\":\"https:\/\/dekode2023.stage.dekodes.no\/en\/#\/schema\/person\/2aea45e7fb96ec988dcc404b5b212c2d\"},\"description\":\"Da Dekode har jobbet med den digitale satsning, b\u00e5de med strategi, nettside og med netthandelsl\u00f8sningen, til Kirkens Bymisjon. Les om samarbeidet her!\",\"breadcrumb\":{\"@id\":\"https:\/\/dekode2023.stage.dekodes.no\/en\/blog\/2019\/10\/09\/intervju-kirkens-bymisjon\/#breadcrumb\"},\"inLanguage\":\"nb-NO\",\"potentialAction\":[{\"@type\":\"ReadAction\",\"target\":[\"https:\/\/dekode2023.stage.dekodes.no\/en\/blog\/2019\/10\/09\/intervju-kirkens-bymisjon\/\"]}]},{\"@type\":\"ImageObject\",\"inLanguage\":\"nb-NO\",\"@id\":\"https:\/\/dekode2023.stage.dekodes.no\/en\/blog\/2019\/10\/09\/intervju-kirkens-bymisjon\/#primaryimage\",\"url\":\"https:\/\/dekode2023.stage.dekodes.no\/content\/uploads\/sites\/2\/2019\/10\/Dekode-kirkensbymisjon-forside-1.jpg\",\"contentUrl\":\"https:\/\/dekode2023.stage.dekodes.no\/content\/uploads\/sites\/2\/2019\/10\/Dekode-kirkensbymisjon-forside-1.jpg\",\"width\":1200,\"height\":675,\"caption\":\"Tekst og Foto: Kristian Badendyck Fjeldstad, kommunikasjonsr\u00e5dgiver og prosjektleder i Kirkens Bymisjon\"},{\"@type\":\"BreadcrumbList\",\"@id\":\"https:\/\/dekode2023.stage.dekodes.no\/en\/blog\/2019\/10\/09\/intervju-kirkens-bymisjon\/#breadcrumb\",\"itemListElement\":[{\"@type\":\"ListItem\",\"position\":1,\"name\":\"Hjem\",\"item\":\"https:\/\/dekode2023.stage.dekodes.no\/en\/\"},{\"@type\":\"ListItem\",\"position\":2,\"name\":\"Intervju: Kirkens Bymisjon\"}]},{\"@type\":\"WebSite\",\"@id\":\"https:\/\/dekode2023.stage.dekodes.no\/en\/#website\",\"url\":\"https:\/\/dekode2023.stage.dekodes.no\/en\/\",\"name\":\"Dekode EN\",\"description\":\"Design og utvikling p\u00e5 WordPress\",\"potentialAction\":[{\"@type\":\"SearchAction\",\"target\":{\"@type\":\"EntryPoint\",\"urlTemplate\":\"https:\/\/dekode2023.stage.dekodes.no\/en\/?s={search_term_string}\"},\"query-input\":{\"@type\":\"PropertyValueSpecification\",\"valueRequired\":true,\"valueName\":\"search_term_string\"}}],\"inLanguage\":\"nb-NO\"},{\"@type\":\"Person\",\"@id\":\"https:\/\/dekode2023.stage.dekodes.no\/en\/#\/schema\/person\/2aea45e7fb96ec988dcc404b5b212c2d\",\"name\":\"Dekode Interaktiv\",\"image\":{\"@type\":\"ImageObject\",\"inLanguage\":\"nb-NO\",\"@id\":\"https:\/\/dekode2023.stage.dekodes.no\/en\/#\/schema\/person\/image\/\",\"url\":\"https:\/\/secure.gravatar.com\/avatar\/7a5d3b1cd78d3249eb55ea266048d444?s=96&d=mm&r=g\",\"contentUrl\":\"https:\/\/secure.gravatar.com\/avatar\/7a5d3b1cd78d3249eb55ea266048d444?s=96&d=mm&r=g\",\"caption\":\"Dekode Interaktiv\"},\"sameAs\":[\"https:\/\/dekode2023.stage.dekodes.no\/wp\"],\"url\":\"https:\/\/dekode2023.stage.dekodes.no\/en\/blog\/author\/dekode\/\"}]}<\/script>\n<!-- \/ Yoast SEO Premium plugin. -->","yoast_head_json":{"title":"Intervju: Kirkens Bymisjon - Dekode EN","description":"Da Dekode har jobbet med den digitale satsning, b\u00e5de med strategi, nettside og med netthandelsl\u00f8sningen, til Kirkens Bymisjon. Les om samarbeidet her!","robots":{"index":"index","follow":"follow","max-snippet":"max-snippet:-1","max-image-preview":"max-image-preview:large","max-video-preview":"max-video-preview:-1"},"canonical":"https:\/\/dekode2023.stage.dekodes.no\/en\/blog\/2019\/10\/09\/intervju-kirkens-bymisjon\/","og_locale":"nb_NO","og_type":"article","og_title":"Intervju: Kirkens Bymisjon","og_description":"Da Dekode har jobbet med den digitale satsning, b\u00e5de med strategi, nettside og med netthandelsl\u00f8sningen, til Kirkens Bymisjon. Les om samarbeidet her!","og_url":"https:\/\/dekode2023.stage.dekodes.no\/en\/blog\/2019\/10\/09\/intervju-kirkens-bymisjon\/","og_site_name":"Dekode EN","article_published_time":"2019-10-09T11:05:22+00:00","article_modified_time":"2023-10-12T19:33:47+00:00","og_image":[{"width":1200,"height":675,"url":"https:\/\/dekode2023.stage.dekodes.no\/content\/uploads\/sites\/2\/2019\/10\/Dekode-kirkensbymisjon-forside-1.jpg","type":"image\/jpeg"}],"author":"Dekode Interaktiv","twitter_card":"summary_large_image","twitter_misc":{"Skrevet av":"Dekode Interaktiv","Ansl. lesetid":"9 minutter"},"schema":{"@context":"https:\/\/schema.org","@graph":[{"@type":"WebPage","@id":"https:\/\/dekode2023.stage.dekodes.no\/en\/blog\/2019\/10\/09\/intervju-kirkens-bymisjon\/","url":"https:\/\/dekode2023.stage.dekodes.no\/en\/blog\/2019\/10\/09\/intervju-kirkens-bymisjon\/","name":"Intervju: Kirkens Bymisjon - Dekode EN","isPartOf":{"@id":"https:\/\/dekode2023.stage.dekodes.no\/en\/#website"},"primaryImageOfPage":{"@id":"https:\/\/dekode2023.stage.dekodes.no\/en\/blog\/2019\/10\/09\/intervju-kirkens-bymisjon\/#primaryimage"},"image":{"@id":"https:\/\/dekode2023.stage.dekodes.no\/en\/blog\/2019\/10\/09\/intervju-kirkens-bymisjon\/#primaryimage"},"thumbnailUrl":"https:\/\/dekode2023.stage.dekodes.no\/content\/uploads\/sites\/2\/2019\/10\/Dekode-kirkensbymisjon-forside-1.jpg","datePublished":"2019-10-09T11:05:22+00:00","dateModified":"2023-10-12T19:33:47+00:00","author":{"@id":"https:\/\/dekode2023.stage.dekodes.no\/en\/#\/schema\/person\/2aea45e7fb96ec988dcc404b5b212c2d"},"description":"Da Dekode har jobbet med den digitale satsning, b\u00e5de med strategi, nettside og med netthandelsl\u00f8sningen, til Kirkens Bymisjon. Les om samarbeidet her!","breadcrumb":{"@id":"https:\/\/dekode2023.stage.dekodes.no\/en\/blog\/2019\/10\/09\/intervju-kirkens-bymisjon\/#breadcrumb"},"inLanguage":"nb-NO","potentialAction":[{"@type":"ReadAction","target":["https:\/\/dekode2023.stage.dekodes.no\/en\/blog\/2019\/10\/09\/intervju-kirkens-bymisjon\/"]}]},{"@type":"ImageObject","inLanguage":"nb-NO","@id":"https:\/\/dekode2023.stage.dekodes.no\/en\/blog\/2019\/10\/09\/intervju-kirkens-bymisjon\/#primaryimage","url":"https:\/\/dekode2023.stage.dekodes.no\/content\/uploads\/sites\/2\/2019\/10\/Dekode-kirkensbymisjon-forside-1.jpg","contentUrl":"https:\/\/dekode2023.stage.dekodes.no\/content\/uploads\/sites\/2\/2019\/10\/Dekode-kirkensbymisjon-forside-1.jpg","width":1200,"height":675,"caption":"Tekst og Foto: Kristian Badendyck Fjeldstad, kommunikasjonsr\u00e5dgiver og prosjektleder i Kirkens Bymisjon"},{"@type":"BreadcrumbList","@id":"https:\/\/dekode2023.stage.dekodes.no\/en\/blog\/2019\/10\/09\/intervju-kirkens-bymisjon\/#breadcrumb","itemListElement":[{"@type":"ListItem","position":1,"name":"Hjem","item":"https:\/\/dekode2023.stage.dekodes.no\/en\/"},{"@type":"ListItem","position":2,"name":"Intervju: Kirkens Bymisjon"}]},{"@type":"WebSite","@id":"https:\/\/dekode2023.stage.dekodes.no\/en\/#website","url":"https:\/\/dekode2023.stage.dekodes.no\/en\/","name":"Dekode EN","description":"Design og utvikling p\u00e5 WordPress","potentialAction":[{"@type":"SearchAction","target":{"@type":"EntryPoint","urlTemplate":"https:\/\/dekode2023.stage.dekodes.no\/en\/?s={search_term_string}"},"query-input":{"@type":"PropertyValueSpecification","valueRequired":true,"valueName":"search_term_string"}}],"inLanguage":"nb-NO"},{"@type":"Person","@id":"https:\/\/dekode2023.stage.dekodes.no\/en\/#\/schema\/person\/2aea45e7fb96ec988dcc404b5b212c2d","name":"Dekode Interaktiv","image":{"@type":"ImageObject","inLanguage":"nb-NO","@id":"https:\/\/dekode2023.stage.dekodes.no\/en\/#\/schema\/person\/image\/","url":"https:\/\/secure.gravatar.com\/avatar\/7a5d3b1cd78d3249eb55ea266048d444?s=96&d=mm&r=g","contentUrl":"https:\/\/secure.gravatar.com\/avatar\/7a5d3b1cd78d3249eb55ea266048d444?s=96&d=mm&r=g","caption":"Dekode Interaktiv"},"sameAs":["https:\/\/dekode2023.stage.dekodes.no\/wp"],"url":"https:\/\/dekode2023.stage.dekodes.no\/en\/blog\/author\/dekode\/"}]}},"_links":{"self":[{"href":"https:\/\/dekode2023.stage.dekodes.no\/en\/wp-json\/wp\/v2\/posts\/11650","targetHints":{"allow":["GET"]}}],"collection":[{"href":"https:\/\/dekode2023.stage.dekodes.no\/en\/wp-json\/wp\/v2\/posts"}],"about":[{"href":"https:\/\/dekode2023.stage.dekodes.no\/en\/wp-json\/wp\/v2\/types\/post"}],"author":[{"embeddable":true,"href":"https:\/\/dekode2023.stage.dekodes.no\/en\/wp-json\/wp\/v2\/users\/1"}],"replies":[{"embeddable":true,"href":"https:\/\/dekode2023.stage.dekodes.no\/en\/wp-json\/wp\/v2\/comments?post=11650"}],"version-history":[{"count":3,"href":"https:\/\/dekode2023.stage.dekodes.no\/en\/wp-json\/wp\/v2\/posts\/11650\/revisions"}],"predecessor-version":[{"id":13045,"href":"https:\/\/dekode2023.stage.dekodes.no\/en\/wp-json\/wp\/v2\/posts\/11650\/revisions\/13045"}],"wp:featuredmedia":[{"embeddable":true,"href":"https:\/\/dekode2023.stage.dekodes.no\/en\/wp-json\/wp\/v2\/media\/24"}],"wp:attachment":[{"href":"https:\/\/dekode2023.stage.dekodes.no\/en\/wp-json\/wp\/v2\/media?parent=11650"}],"wp:term":[{"taxonomy":"category","embeddable":true,"href":"https:\/\/dekode2023.stage.dekodes.no\/en\/wp-json\/wp\/v2\/categories?post=11650"},{"taxonomy":"post_tag","embeddable":true,"href":"https:\/\/dekode2023.stage.dekodes.no\/en\/wp-json\/wp\/v2\/tags?post=11650"}],"curies":[{"name":"wp","href":"https:\/\/api.w.org\/{rel}","templated":true}]}}