{"id":16513,"date":"2025-06-13T11:58:15","date_gmt":"2025-06-13T09:58:15","guid":{"rendered":"https:\/\/dekode2023.stage.dekodes.no\/?p=16513"},"modified":"2025-06-13T11:58:18","modified_gmt":"2025-06-13T09:58:18","slug":"wordcamp-europe-2025","status":"publish","type":"post","link":"https:\/\/dekode2023.stage.dekodes.no\/en\/blog\/2025\/06\/13\/wordcamp-europe-2025\/","title":{"rendered":"WordCamp Europe 2025"},"content":{"rendered":"<p class=\"t2-ingress wp-block-t2-ingress\">Tidlig i juni satte jeg og noen kollegaer kursen mot Basel for \u00e5 delta p\u00e5 min f\u00f8rste WordCamp Europe \u2013 verdens st\u00f8rste WordPress-konferanse. Det ble tre dager med faglig p\u00e5fyll, nye relasjoner og fornyet tro p\u00e5 WordPress som et b\u00e6rekraftig rammeverk for digital verdiskaping. <\/p>\n\n\t<div class=\"wp-block-dekode-post-info\">\n\t\t<div class=\"post-info__meta\">\n\t\t\t<div class=\"post-info__author\">\n\t\t\t\t<img alt='' src='https:\/\/dekode2023.stage.dekodes.no\/content\/uploads\/sites\/2\/2024\/09\/Andreas-Bengtsson_V-150x150.jpg' class='avatar avatar-96 photo' height='96' width='96' \/>\t\t\t\tAndreas Bengtsson\t\t\t<\/div>\n\t\t\t<div class=\"post-info__date\">\n\t\t\t\t<span class=\"screen-reader-text\">Posted on <\/span>\n\t\t\t\t<time datetime=\"2025-06-13T11:58:15+02:00\">13. juni 2025<\/time>\t\t\t<\/div>\n\t\t<\/div>\n\t\t<div class=\"post-info__terms\">\n\t\t\t<a href=\"https:\/\/dekode2023.stage.dekodes.no\/en\/blog\/category\/nyheter\/\" rel=\"tag\">Nyheter<\/a>\t\t<\/div>\n\t<\/div>\n\t\n\n<figure class=\"alignfull wp-block-post-featured-image\"><img loading=\"lazy\" decoding=\"async\" width=\"1920\" height=\"750\" src=\"https:\/\/dekode2023.stage.dekodes.no\/content\/uploads\/sites\/2\/2025\/06\/WCEU2025.jpg\" class=\"attachment-post-thumbnail size-post-thumbnail wp-post-image\" alt=\"\" style=\"object-fit:cover;\" srcset=\"https:\/\/dekode2023.stage.dekodes.no\/content\/uploads\/sites\/2\/2025\/06\/WCEU2025.jpg 1920w, https:\/\/dekode2023.stage.dekodes.no\/content\/uploads\/sites\/2\/2025\/06\/WCEU2025-300x117.jpg 300w, https:\/\/dekode2023.stage.dekodes.no\/content\/uploads\/sites\/2\/2025\/06\/WCEU2025-1024x400.jpg 1024w, https:\/\/dekode2023.stage.dekodes.no\/content\/uploads\/sites\/2\/2025\/06\/WCEU2025-768x300.jpg 768w, https:\/\/dekode2023.stage.dekodes.no\/content\/uploads\/sites\/2\/2025\/06\/WCEU2025-1536x600.jpg 1536w\" sizes=\"auto, (max-width: 1920px) 100vw, 1920px\" \/><\/figure>\n\n\n<h2 class=\"wp-block-heading\" id=\"h-et-globalt-fellesskap-i-praksis\">Et globalt fellesskap i praksis<\/h2>\n\n\n\n<p>Over 2100 deltakere \u2013 utviklere, designere, oversettere, ledere, kundest\u00f8tte og alt i mellom \u2013 samlet seg for \u00e5 forbedre WordPress. Ikke for profitt, men fordi de bryr seg. I l\u00f8pet av konferansen deltok vi i samtaler om brukervennlighet og tilgjengelighet, og terskelen for \u00e5 engasjere seg var forfriskende lav.<\/p>\n\n\n\n<p>Dette er kjernen i WordPress\u2019 styrke: Det eies ikke av ett selskap, men b\u00e6res frem av et fellesskap. Resultatet er en robust, ansvarlig og tilpasningsdyktig plattform \u2013 i motsetning til lukkede, kommersielle alternativer.<\/p>\n\n\n\n<h2 class=\"wp-block-heading\" id=\"h-open-source-gir-merverdi\">Open source gir merverdi<\/h2>\n\n\n\n<figure class=\"wp-block-image size-full\"><img loading=\"lazy\" decoding=\"async\" width=\"729\" height=\"563\" src=\"https:\/\/dekode2023.stage.dekodes.no\/content\/uploads\/2025\/06\/top-tasks-2.jpg\" alt=\"\" class=\"wp-image-16515\" srcset=\"https:\/\/dekode2023.stage.dekodes.no\/content\/uploads\/sites\/2\/2025\/06\/top-tasks-2.jpg 729w, https:\/\/dekode2023.stage.dekodes.no\/content\/uploads\/sites\/2\/2025\/06\/top-tasks-2-300x232.jpg 300w\" sizes=\"auto, (max-width: 729px) 100vw, 729px\" \/><\/figure>\n\n\n\n<p>Gjennom hele konferansen ble det tydelig at \u00e5pen kildekode ikke bare er en ideologisk overbevisning \u2013 det er en strategisk fordel. I en bransje i konstant endring gir \u00e5penhet mulighet for raskere innovasjon og lavere kostnader.<\/p>\n\n\n\n<p>For deg som kunde betyr det at WordPress kontinuerlig forbedres \u2013 og at du f\u00e5r ny funksjonalitet uten lisensavgifter, tunge oppgraderingsl\u00f8p eller l\u00e5ste l\u00f8sninger.<\/p>\n\n\n\n<h2 class=\"wp-block-heading\" id=\"h-teknologi-som-moter-virkelige-behov\">Teknologi som m\u00f8ter virkelige behov<\/h2>\n\n\n\n<p>Blant h\u00f8ydepunktene var presentasjoner som demonstrerte hvordan WordPress utvikles videre uten \u00e5 ofre stabilitet. Fokusomr\u00e5der som ytelse, AI-integrasjoner og redakt\u00f8rvennlige funksjoner ble vist frem \u2013 inkludert ny funksjonalitet for sanntidsredigering og enklere onboarding for innholdsprodusenter. Tiltak som konkret forbedrer arbeidsflyt og sluttresultat.<\/p>\n\n\n\n<h2 class=\"wp-block-heading\" id=\"h-tilgjengelighet-er-ikke-et-tillegg-det-er-grunnmuren\">Tilgjengelighet er ikke et tillegg \u2013 det er grunnmuren<\/h2>\n\n\n\n<figure class=\"wp-block-image size-full\"><img loading=\"lazy\" decoding=\"async\" width=\"729\" height=\"563\" src=\"https:\/\/dekode2023.stage.dekodes.no\/content\/uploads\/2025\/06\/top-tasks-3.jpg\" alt=\"\" class=\"wp-image-16517\" srcset=\"https:\/\/dekode2023.stage.dekodes.no\/content\/uploads\/sites\/2\/2025\/06\/top-tasks-3.jpg 729w, https:\/\/dekode2023.stage.dekodes.no\/content\/uploads\/sites\/2\/2025\/06\/top-tasks-3-300x232.jpg 300w\" sizes=\"auto, (max-width: 729px) 100vw, 729px\" \/><\/figure>\n\n\n\n<p>WordCamp viste ogs\u00e5 hvordan inkluderende prinsipper gjennomsyrer hele opplevelsen: universell utforming, teksting av foredrag, egne rom for hvile og amming \u2013 og gratis kollektivtransport for alle deltakere. Ikke som et PR-tiltak, men som en del av selve strukturen.<\/p>\n\n\n\n<p>Dette er i tr\u00e5d med hvordan vi jobber: inkluderende design er b\u00e5de et etisk valg og en smart forretningsbeslutning.<\/p>\n\n\n\n<h2 class=\"wp-block-heading\" id=\"h-hva-betyr-dette-for-deg-som-kunde\">Hva betyr dette for deg som kunde?<\/h2>\n\n\n\n<p>\u00c5 velge WordPress betyr \u00e5 velge en l\u00f8sning som kontinuerlig forbedres \u2013 av et globalt fellesskap som bygger med fremtiden i tankene. Og som kunde hos Dekode f\u00e5r du enda mer:<\/p>\n\n\n\n<ul class=\"wp-block-list\">\n<li>Du st\u00e5r aldri alene: WordPress st\u00f8ttes av verdens st\u00f8rste CMS-fellesskap.<\/li>\n\n\n\n<li>Du eier din egen l\u00f8sning: Ingen \u00abvendor lock-in\u00bb \u2013 full kontroll.<\/li>\n\n\n\n<li>Du investerer i noe som varer: WordPress er ikke p\u00e5 vei ut \u2013 det leder an.<\/li>\n<\/ul>\n\n\n\n<h2 class=\"wp-block-heading\" id=\"h-wordpress-som-bevegelse\">WordPress som bevegelse<\/h2>\n\n\n\n<figure class=\"wp-block-image size-full\"><img loading=\"lazy\" decoding=\"async\" width=\"729\" height=\"563\" src=\"https:\/\/dekode2023.stage.dekodes.no\/content\/uploads\/2025\/06\/top-tasks-1.jpg\" alt=\"\" class=\"wp-image-16516\" srcset=\"https:\/\/dekode2023.stage.dekodes.no\/content\/uploads\/sites\/2\/2025\/06\/top-tasks-1.jpg 729w, https:\/\/dekode2023.stage.dekodes.no\/content\/uploads\/sites\/2\/2025\/06\/top-tasks-1-300x232.jpg 300w\" sizes=\"auto, (max-width: 729px) 100vw, 729px\" \/><\/figure>\n\n\n\n<p>WordCamp minnet oss p\u00e5 hvorfor vi i Dekode har valgt WordPress som v\u00e5rt faglige tyngdepunkt. Ikke bare fordi det er en god teknisk plattform \u2013 men fordi det er en bevegelse for en mer \u00e5pen, inkluderende og b\u00e6rekraftig digital fremtid.<\/p>\n\n\n\n<p>Vil du vite mer om hvordan vi kan bygge verdi med WordPress for din virksomhet? Ta gjerne kontakt \u2013 vi deler gjerne innsikt og erfaringer.<\/p>\n\n\n\n\t\t<div class=\"alignfull is-style-person use-yellow-background wp-block-dekode-call-to-action\">\n\t\t\t<div class=\"cta-content\">\n\t\t\t\t<div class=\"cta-ellipsis\"><\/div>\n\t\t\t\t<div class=\"cta-content-inner\">\n\t\t\t\t\t<div class=\"cta-content__left\">\n\t\t\t\t\t\t<h2>Snakk med meg om WordPress<\/h2>\n\t\t\t\t\t\t\n\t\t\t\t\t\t<div class=\"cta-actions\"><a href=\"https:\/\/dekode2023.stage.dekodes.no\/book-en-gratis-radgivningstime\/\" class=\"wp-element-button\">Finn tid til en samtale<\/a><\/div>\n\t\t\t\t\t<\/div>\n\t\t\t\t\t\t<div class=\"wp-block-dekode-people-item\">\n\t\t<div class=\"person-util-person\">\n\t\t\t<img loading=\"lazy\" decoding=\"async\" width=\"683\" height=\"1024\" src=\"https:\/\/dekode2023.stage.dekodes.no\/content\/uploads\/sites\/2\/2024\/09\/Andreas-Bengtsson_V-683x1024.jpg\" class=\"attachment-large size-large wp-post-image\" alt=\"Bilde av Andreas Bengtsson\" \/>\t\t\t<div>\n\t\t\t\t<div class=\"person-util-person-name\">Andreas Bengtsson<\/div>\n\t\t\t\t\t\t\t\t\t<div class=\"person-util-person-role\">\n\t\t\t\t\t\t<span>Kommersiell leder (CCO)<\/span>\t\t\t\t\t<\/div>\n\t\t\t\t\t\t\t\t\t\t\t\t\t<div class=\"person-util-person-meta\">\n\t\t\t\t\t\t\t\t\t\t\t\t\t<div><a href=\"mailto:andreas.bengtsson@dekode.no\">andreas.bengtsson@dekode.no<\/a><\/div>\n\t\t\t\t\t\t\t\t\t\t\t\t\t<div>\u202d+47 476 46 372\u202c<\/div>\n\t\t\t\t\t\t\t\t\t\t\t<\/div>\n\t\t\t\t\t\t\t<\/div>\n\t\t<\/div>\n\t<\/div>\n\t\n\t\t\t\t<\/div>\n\t\t\t<\/div>\n\t\t<\/div>","protected":false},"excerpt":{"rendered":"<p>Et globalt fellesskap i praksis Over 2100 deltakere \u2013 utviklere, designere, oversettere, ledere, kundest\u00f8tte og alt i mellom \u2013 samlet seg for \u00e5 forbedre WordPress. Ikke for profitt, men fordi de bryr seg. I l\u00f8pet av konferansen deltok vi i samtaler om brukervennlighet og tilgjengelighet, og terskelen for \u00e5 engasjere seg var forfriskende lav. Dette [&hellip;]<\/p>\n","protected":false},"author":44,"featured_media":16514,"comment_status":"closed","ping_status":"closed","sticky":false,"template":"","format":"standard","meta":{"t2_featured_media_focal_point":{"x":0.5,"y":0.5},"footnotes":""},"categories":[1],"tags":[],"class_list":["post-16513","post","type-post","status-publish","format-standard","has-post-thumbnail","hentry","category-nyheter"],"yoast_head":"<!-- This site is optimized with the Yoast SEO Premium plugin v25.3.1 (Yoast SEO v25.9) - https:\/\/yoast.com\/wordpress\/plugins\/seo\/ -->\n<title>WordCamp Europe 2025 - Dekode EN<\/title>\n<meta name=\"description\" content=\"Tidlig i juni satte jeg og noen kollegaer kursen mot Basel for \u00e5 delta p\u00e5 min f\u00f8rste WordCamp Europe \u2013 verdens st\u00f8rste WordPress-konferanse.\" \/>\n<meta name=\"robots\" content=\"index, follow, max-snippet:-1, max-image-preview:large, max-video-preview:-1\" \/>\n<link rel=\"canonical\" href=\"https:\/\/dekode2023.stage.dekodes.no\/en\/blog\/2025\/06\/13\/wordcamp-europe-2025\/\" \/>\n<meta property=\"og:locale\" content=\"nb_NO\" \/>\n<meta property=\"og:type\" content=\"article\" \/>\n<meta property=\"og:title\" content=\"WordCamp Europe 2025\" \/>\n<meta property=\"og:description\" content=\"Tidlig i juni satte jeg og noen kollegaer kursen mot Basel for \u00e5 delta p\u00e5 min f\u00f8rste WordCamp Europe \u2013 verdens st\u00f8rste WordPress-konferanse.\" \/>\n<meta property=\"og:url\" content=\"https:\/\/dekode2023.stage.dekodes.no\/en\/blog\/2025\/06\/13\/wordcamp-europe-2025\/\" \/>\n<meta property=\"og:site_name\" content=\"Dekode EN\" \/>\n<meta property=\"article:published_time\" content=\"2025-06-13T09:58:15+00:00\" \/>\n<meta property=\"article:modified_time\" content=\"2025-06-13T09:58:18+00:00\" \/>\n<meta property=\"og:image\" content=\"https:\/\/dekode2023.stage.dekodes.no\/content\/uploads\/sites\/2\/2025\/06\/WCEU2025.jpg\" \/>\n\t<meta property=\"og:image:width\" content=\"1920\" \/>\n\t<meta property=\"og:image:height\" content=\"750\" \/>\n\t<meta property=\"og:image:type\" content=\"image\/jpeg\" \/>\n<meta name=\"author\" content=\"Andreas Bengtsson\" \/>\n<meta name=\"twitter:card\" content=\"summary_large_image\" \/>\n<meta name=\"twitter:label1\" content=\"Skrevet av\" \/>\n\t<meta name=\"twitter:data1\" content=\"Andreas Bengtsson\" \/>\n\t<meta name=\"twitter:label2\" content=\"Ansl. lesetid\" \/>\n\t<meta name=\"twitter:data2\" content=\"3 minutter\" \/>\n<script type=\"application\/ld+json\" class=\"yoast-schema-graph\">{\"@context\":\"https:\/\/schema.org\",\"@graph\":[{\"@type\":\"WebPage\",\"@id\":\"https:\/\/dekode2023.stage.dekodes.no\/en\/blog\/2025\/06\/13\/wordcamp-europe-2025\/\",\"url\":\"https:\/\/dekode2023.stage.dekodes.no\/en\/blog\/2025\/06\/13\/wordcamp-europe-2025\/\",\"name\":\"WordCamp Europe 2025 - Dekode EN\",\"isPartOf\":{\"@id\":\"https:\/\/dekode2023.stage.dekodes.no\/en\/#website\"},\"primaryImageOfPage\":{\"@id\":\"https:\/\/dekode2023.stage.dekodes.no\/en\/blog\/2025\/06\/13\/wordcamp-europe-2025\/#primaryimage\"},\"image\":{\"@id\":\"https:\/\/dekode2023.stage.dekodes.no\/en\/blog\/2025\/06\/13\/wordcamp-europe-2025\/#primaryimage\"},\"thumbnailUrl\":\"https:\/\/dekode2023.stage.dekodes.no\/content\/uploads\/sites\/2\/2025\/06\/WCEU2025.jpg\",\"datePublished\":\"2025-06-13T09:58:15+00:00\",\"dateModified\":\"2025-06-13T09:58:18+00:00\",\"author\":{\"@id\":\"https:\/\/dekode2023.stage.dekodes.no\/en\/#\/schema\/person\/98208bb80f3ad7a426c62d1e6dc3b040\"},\"description\":\"Tidlig i juni satte jeg og noen kollegaer kursen mot Basel for \u00e5 delta p\u00e5 min f\u00f8rste WordCamp Europe \u2013 verdens st\u00f8rste WordPress-konferanse.\",\"breadcrumb\":{\"@id\":\"https:\/\/dekode2023.stage.dekodes.no\/en\/blog\/2025\/06\/13\/wordcamp-europe-2025\/#breadcrumb\"},\"inLanguage\":\"nb-NO\",\"potentialAction\":[{\"@type\":\"ReadAction\",\"target\":[\"https:\/\/dekode2023.stage.dekodes.no\/en\/blog\/2025\/06\/13\/wordcamp-europe-2025\/\"]}]},{\"@type\":\"ImageObject\",\"inLanguage\":\"nb-NO\",\"@id\":\"https:\/\/dekode2023.stage.dekodes.no\/en\/blog\/2025\/06\/13\/wordcamp-europe-2025\/#primaryimage\",\"url\":\"https:\/\/dekode2023.stage.dekodes.no\/content\/uploads\/sites\/2\/2025\/06\/WCEU2025.jpg\",\"contentUrl\":\"https:\/\/dekode2023.stage.dekodes.no\/content\/uploads\/sites\/2\/2025\/06\/WCEU2025.jpg\",\"width\":1920,\"height\":750},{\"@type\":\"BreadcrumbList\",\"@id\":\"https:\/\/dekode2023.stage.dekodes.no\/en\/blog\/2025\/06\/13\/wordcamp-europe-2025\/#breadcrumb\",\"itemListElement\":[{\"@type\":\"ListItem\",\"position\":1,\"name\":\"Hjem\",\"item\":\"https:\/\/dekode2023.stage.dekodes.no\/en\/\"},{\"@type\":\"ListItem\",\"position\":2,\"name\":\"WordCamp Europe 2025\"}]},{\"@type\":\"WebSite\",\"@id\":\"https:\/\/dekode2023.stage.dekodes.no\/en\/#website\",\"url\":\"https:\/\/dekode2023.stage.dekodes.no\/en\/\",\"name\":\"Dekode EN\",\"description\":\"Design og utvikling p\u00e5 WordPress\",\"potentialAction\":[{\"@type\":\"SearchAction\",\"target\":{\"@type\":\"EntryPoint\",\"urlTemplate\":\"https:\/\/dekode2023.stage.dekodes.no\/en\/?s={search_term_string}\"},\"query-input\":{\"@type\":\"PropertyValueSpecification\",\"valueRequired\":true,\"valueName\":\"search_term_string\"}}],\"inLanguage\":\"nb-NO\"},{\"@type\":\"Person\",\"@id\":\"https:\/\/dekode2023.stage.dekodes.no\/en\/#\/schema\/person\/98208bb80f3ad7a426c62d1e6dc3b040\",\"name\":\"Andreas Bengtsson\",\"image\":{\"@type\":\"ImageObject\",\"inLanguage\":\"nb-NO\",\"@id\":\"https:\/\/dekode2023.stage.dekodes.no\/en\/#\/schema\/person\/image\/\",\"url\":\"https:\/\/secure.gravatar.com\/avatar\/8c34347e2585579beca29880fdb22e02?s=96&d=mm&r=g\",\"contentUrl\":\"https:\/\/secure.gravatar.com\/avatar\/8c34347e2585579beca29880fdb22e02?s=96&d=mm&r=g\",\"caption\":\"Andreas Bengtsson\"},\"jobTitle\":\"Kommersiell leder (CCO)\",\"url\":\"https:\/\/dekode2023.stage.dekodes.no\/en\/blog\/author\/andreas\/\"}]}<\/script>\n<!-- \/ Yoast SEO Premium plugin. -->","yoast_head_json":{"title":"WordCamp Europe 2025 - Dekode EN","description":"Tidlig i juni satte jeg og noen kollegaer kursen mot Basel for \u00e5 delta p\u00e5 min f\u00f8rste WordCamp Europe \u2013 verdens st\u00f8rste WordPress-konferanse.","robots":{"index":"index","follow":"follow","max-snippet":"max-snippet:-1","max-image-preview":"max-image-preview:large","max-video-preview":"max-video-preview:-1"},"canonical":"https:\/\/dekode2023.stage.dekodes.no\/en\/blog\/2025\/06\/13\/wordcamp-europe-2025\/","og_locale":"nb_NO","og_type":"article","og_title":"WordCamp Europe 2025","og_description":"Tidlig i juni satte jeg og noen kollegaer kursen mot Basel for \u00e5 delta p\u00e5 min f\u00f8rste WordCamp Europe \u2013 verdens st\u00f8rste WordPress-konferanse.","og_url":"https:\/\/dekode2023.stage.dekodes.no\/en\/blog\/2025\/06\/13\/wordcamp-europe-2025\/","og_site_name":"Dekode EN","article_published_time":"2025-06-13T09:58:15+00:00","article_modified_time":"2025-06-13T09:58:18+00:00","og_image":[{"width":1920,"height":750,"url":"https:\/\/dekode2023.stage.dekodes.no\/content\/uploads\/sites\/2\/2025\/06\/WCEU2025.jpg","type":"image\/jpeg"}],"author":"Andreas Bengtsson","twitter_card":"summary_large_image","twitter_misc":{"Skrevet av":"Andreas Bengtsson","Ansl. lesetid":"3 minutter"},"schema":{"@context":"https:\/\/schema.org","@graph":[{"@type":"WebPage","@id":"https:\/\/dekode2023.stage.dekodes.no\/en\/blog\/2025\/06\/13\/wordcamp-europe-2025\/","url":"https:\/\/dekode2023.stage.dekodes.no\/en\/blog\/2025\/06\/13\/wordcamp-europe-2025\/","name":"WordCamp Europe 2025 - Dekode EN","isPartOf":{"@id":"https:\/\/dekode2023.stage.dekodes.no\/en\/#website"},"primaryImageOfPage":{"@id":"https:\/\/dekode2023.stage.dekodes.no\/en\/blog\/2025\/06\/13\/wordcamp-europe-2025\/#primaryimage"},"image":{"@id":"https:\/\/dekode2023.stage.dekodes.no\/en\/blog\/2025\/06\/13\/wordcamp-europe-2025\/#primaryimage"},"thumbnailUrl":"https:\/\/dekode2023.stage.dekodes.no\/content\/uploads\/sites\/2\/2025\/06\/WCEU2025.jpg","datePublished":"2025-06-13T09:58:15+00:00","dateModified":"2025-06-13T09:58:18+00:00","author":{"@id":"https:\/\/dekode2023.stage.dekodes.no\/en\/#\/schema\/person\/98208bb80f3ad7a426c62d1e6dc3b040"},"description":"Tidlig i juni satte jeg og noen kollegaer kursen mot Basel for \u00e5 delta p\u00e5 min f\u00f8rste WordCamp Europe \u2013 verdens st\u00f8rste WordPress-konferanse.","breadcrumb":{"@id":"https:\/\/dekode2023.stage.dekodes.no\/en\/blog\/2025\/06\/13\/wordcamp-europe-2025\/#breadcrumb"},"inLanguage":"nb-NO","potentialAction":[{"@type":"ReadAction","target":["https:\/\/dekode2023.stage.dekodes.no\/en\/blog\/2025\/06\/13\/wordcamp-europe-2025\/"]}]},{"@type":"ImageObject","inLanguage":"nb-NO","@id":"https:\/\/dekode2023.stage.dekodes.no\/en\/blog\/2025\/06\/13\/wordcamp-europe-2025\/#primaryimage","url":"https:\/\/dekode2023.stage.dekodes.no\/content\/uploads\/sites\/2\/2025\/06\/WCEU2025.jpg","contentUrl":"https:\/\/dekode2023.stage.dekodes.no\/content\/uploads\/sites\/2\/2025\/06\/WCEU2025.jpg","width":1920,"height":750},{"@type":"BreadcrumbList","@id":"https:\/\/dekode2023.stage.dekodes.no\/en\/blog\/2025\/06\/13\/wordcamp-europe-2025\/#breadcrumb","itemListElement":[{"@type":"ListItem","position":1,"name":"Hjem","item":"https:\/\/dekode2023.stage.dekodes.no\/en\/"},{"@type":"ListItem","position":2,"name":"WordCamp Europe 2025"}]},{"@type":"WebSite","@id":"https:\/\/dekode2023.stage.dekodes.no\/en\/#website","url":"https:\/\/dekode2023.stage.dekodes.no\/en\/","name":"Dekode EN","description":"Design og utvikling p\u00e5 WordPress","potentialAction":[{"@type":"SearchAction","target":{"@type":"EntryPoint","urlTemplate":"https:\/\/dekode2023.stage.dekodes.no\/en\/?s={search_term_string}"},"query-input":{"@type":"PropertyValueSpecification","valueRequired":true,"valueName":"search_term_string"}}],"inLanguage":"nb-NO"},{"@type":"Person","@id":"https:\/\/dekode2023.stage.dekodes.no\/en\/#\/schema\/person\/98208bb80f3ad7a426c62d1e6dc3b040","name":"Andreas Bengtsson","image":{"@type":"ImageObject","inLanguage":"nb-NO","@id":"https:\/\/dekode2023.stage.dekodes.no\/en\/#\/schema\/person\/image\/","url":"https:\/\/secure.gravatar.com\/avatar\/8c34347e2585579beca29880fdb22e02?s=96&d=mm&r=g","contentUrl":"https:\/\/secure.gravatar.com\/avatar\/8c34347e2585579beca29880fdb22e02?s=96&d=mm&r=g","caption":"Andreas Bengtsson"},"jobTitle":"Kommersiell leder (CCO)","url":"https:\/\/dekode2023.stage.dekodes.no\/en\/blog\/author\/andreas\/"}]}},"_links":{"self":[{"href":"https:\/\/dekode2023.stage.dekodes.no\/en\/wp-json\/wp\/v2\/posts\/16513","targetHints":{"allow":["GET"]}}],"collection":[{"href":"https:\/\/dekode2023.stage.dekodes.no\/en\/wp-json\/wp\/v2\/posts"}],"about":[{"href":"https:\/\/dekode2023.stage.dekodes.no\/en\/wp-json\/wp\/v2\/types\/post"}],"author":[{"embeddable":true,"href":"https:\/\/dekode2023.stage.dekodes.no\/en\/wp-json\/wp\/v2\/users\/44"}],"replies":[{"embeddable":true,"href":"https:\/\/dekode2023.stage.dekodes.no\/en\/wp-json\/wp\/v2\/comments?post=16513"}],"version-history":[{"count":2,"href":"https:\/\/dekode2023.stage.dekodes.no\/en\/wp-json\/wp\/v2\/posts\/16513\/revisions"}],"predecessor-version":[{"id":16519,"href":"https:\/\/dekode2023.stage.dekodes.no\/en\/wp-json\/wp\/v2\/posts\/16513\/revisions\/16519"}],"wp:featuredmedia":[{"embeddable":true,"href":"https:\/\/dekode2023.stage.dekodes.no\/en\/wp-json\/wp\/v2\/media\/16514"}],"wp:attachment":[{"href":"https:\/\/dekode2023.stage.dekodes.no\/en\/wp-json\/wp\/v2\/media?parent=16513"}],"wp:term":[{"taxonomy":"category","embeddable":true,"href":"https:\/\/dekode2023.stage.dekodes.no\/en\/wp-json\/wp\/v2\/categories?post=16513"},{"taxonomy":"post_tag","embeddable":true,"href":"https:\/\/dekode2023.stage.dekodes.no\/en\/wp-json\/wp\/v2\/tags?post=16513"}],"curies":[{"name":"wp","href":"https:\/\/api.w.org\/{rel}","templated":true}]}}