{"id":688,"date":"2020-03-17T20:43:21","date_gmt":"2020-03-17T19:43:21","guid":{"rendered":"https:\/\/blogg.dekode2023.stage.dekodes.no\/?p=688"},"modified":"2023-10-12T21:54:28","modified_gmt":"2023-10-12T19:54:28","slug":"det-er-forvaltning-som-teller","status":"publish","type":"post","link":"https:\/\/dekode2023.stage.dekodes.no\/en\/blog\/2020\/03\/17\/det-er-forvaltning-som-teller\/","title":{"rendered":"Det er forvaltning som teller"},"content":{"rendered":"<p class=\"t2-ingress wp-block-t2-ingress\">N\u00e5r folk flest pr\u00f8ver \u00e5 forst\u00e5 amerikansk politikk og hvordan mer eller mindre kompetente presidenter kan bli gjenvalgt, er det verd \u00e5 huske James Carvilles sitt poeng om at det til syvende \u00e5 sist handler om \u00f8konomien; \u201cThe economy, Stupid!\u201d. <\/p>\n\n<p class=\"t2-ingress wp-block-t2-ingress\">Hadde Carville v\u00e6ret en digital strateg, som snakket om nettl\u00f8sninger kunne han med rette ha understreket at det ikke spiller noen rolle hvor fin nettsiden er, hvis du ikke klarer \u00e5 jobbe med den i det daglige. Det er forvaltning som teller.<\/p>\n\n\t<div class=\"wp-block-dekode-post-info\">\n\t\t<div class=\"post-info__meta\">\n\t\t\t<div class=\"post-info__author\">\n\t\t\t\t<img alt='' src='https:\/\/dekode2023.stage.dekodes.no\/content\/uploads\/sites\/2\/2024\/09\/Andreas-Bengtsson_V-150x150.jpg' class='avatar avatar-96 photo' height='96' width='96' \/>\t\t\t\tAndreas Bengtsson\t\t\t<\/div>\n\t\t\t<div class=\"post-info__date\">\n\t\t\t\t<span class=\"screen-reader-text\">Posted on <\/span>\n\t\t\t\t<time datetime=\"2020-03-17T20:43:21+01:00\">17. mars 2020<\/time>\t\t\t<\/div>\n\t\t<\/div>\n\t\t<div class=\"post-info__terms\">\n\t\t\t<a href=\"https:\/\/dekode2023.stage.dekodes.no\/en\/blog\/category\/meninger\/\" rel=\"tag\">Meninger<\/a>\t\t<\/div>\n\t<\/div>\n\t\n\n\n<figure class=\"wp-block-image alignfull size-large\"><img loading=\"lazy\" decoding=\"async\" width=\"1024\" height=\"683\" src=\"https:\/\/dekode2023.stage.dekodes.no\/content\/uploads\/2023\/09\/Kopi-av-5481Dekode-186-1024x683.jpg\" alt=\"\" class=\"wp-image-11874\" srcset=\"https:\/\/dekode2023.stage.dekodes.no\/content\/uploads\/sites\/2\/2023\/09\/Kopi-av-5481Dekode-186-1024x683.jpg 1024w, https:\/\/dekode2023.stage.dekodes.no\/content\/uploads\/sites\/2\/2023\/09\/Kopi-av-5481Dekode-186-300x200.jpg 300w, https:\/\/dekode2023.stage.dekodes.no\/content\/uploads\/sites\/2\/2023\/09\/Kopi-av-5481Dekode-186-768x512.jpg 768w, https:\/\/dekode2023.stage.dekodes.no\/content\/uploads\/sites\/2\/2023\/09\/Kopi-av-5481Dekode-186-1536x1025.jpg 1536w\" sizes=\"auto, (max-width: 1024px) 100vw, 1024px\" \/><figcaption class=\"wp-element-caption\">Annikken Tangen, prosjektleder i Dekode.<\/figcaption><\/figure>\n\n\n\n<h2 class=\"wp-block-heading\" id=\"h-de-essensielle-justeringene\">De essensielle justeringene<\/h2>\n\n\n\n<p>Som digitalt byr\u00e5 begynte Dekode for ti \u00e5r siden som teknisk WordPress-leverand\u00f8r for st\u00f8rre designbyr\u00e5er. Vi s\u00e5 rask at det ikke alltid ble gjort designgrep som lot seg implementere teknisk eller som hadde noen verdi for sluttbrukerne. Av den grunn ansatte vi v\u00e5re egne designere. <\/p>\n\n\n\n<p>Det ga oss en sammensatt stab som skj\u00f8nte hvordan design og teknologi hang sammen. I prosjekt kunne vi dermed selv tilby mer gjennomtenkte l\u00f8sninger og en mer effektiv prosess.<\/p>\n\n\n\n<p>N\u00e5r v\u00e5re samarbeidspartnere lanserte et prosjekt, s\u00e5 vi rask at kunden trengte hjelp til videreutvikling og justeringer. De valgene som ble tatt i et forprosjekt, ble motbevist av faktisk bruksm\u00f8nstre senere. Teorien funket ikke i praksis. I en slik situasjon gikk ikke kunden tilbake til v\u00e5re designpartnere, men til oss i Dekode. Vi var de som hadde kompetansen til \u00e5 gj\u00f8re justeringer. Justeringer som bidro til \u00e5 n\u00e5 det m\u00e5let som var hele \u00e5rsaken til at man gjorde nettl\u00f8sningen fra start.<\/p>\n\n\n\n<figure class=\"wp-block-image size-full\"><img loading=\"lazy\" decoding=\"async\" width=\"500\" height=\"500\" src=\"https:\/\/dekode2023.stage.dekodes.no\/content\/uploads\/2020\/03\/3092589043.jpg\" alt=\"foto v Christian Bukti, Salgsansvarlig i Dekode\" class=\"wp-image-690\" srcset=\"https:\/\/dekode2023.stage.dekodes.no\/content\/uploads\/sites\/2\/2020\/03\/3092589043.jpg 500w, https:\/\/dekode2023.stage.dekodes.no\/content\/uploads\/sites\/2\/2020\/03\/3092589043-300x300.jpg 300w, https:\/\/dekode2023.stage.dekodes.no\/content\/uploads\/sites\/2\/2020\/03\/3092589043-150x150.jpg 150w\" sizes=\"auto, (max-width: 500px) 100vw, 500px\" \/><figcaption class=\"wp-element-caption\">Christian Buksti, Salgsansvarlig \/ R\u00e5dgiver i Dekode<\/figcaption><\/figure>\n\n\n\n<h2 class=\"wp-block-heading\" id=\"h-forvaltning-minst-sexy-mest-effektiv\">Forvaltning &#8211; minst sexy, mest effektiv<\/h2>\n\n\n\n<p>Som resultat av dette organiserte Dekode en egen supportavdeling, som siden har vokst til \u00e5 bli dagens forvaltningsavdeling. I tillegg har vi tilpasset v\u00e5r prosess til nettopp \u00e5 luke ut h\u00f8ytsvevende synsing. Vi forholder oss til den faktiske virkelighets bruksm\u00f8nstre. Vi \u00f8nsker \u00e5 fokusere p\u00e5 kjernen i en nettl\u00f8sning og lansere en brukersentrisk l\u00f8sning som er skalerbar. Deretter kan vi videreutvikle og optimalisere l\u00f8sningen etter lansering. Det bringer kundene v\u00e5re raskere og mer kostnadseffektivt frem til m\u00e5l. Sentralt i denne m\u00e5ten \u00e5 jobbe p\u00e5 st\u00e5r Dekodes avdeling med det minst sexye navnet; Forvaltning.<\/p>\n\n\n\n<p>Etter at vi tok disse grepene ser vi gang p\u00e5 gang, at forvaltningsavdelingen har en enn\u00e5 st\u00f8rre verdi enn vi f\u00f8rst s\u00e5 for oss.&nbsp;<\/p>\n\n\n\n<p>Som salgsansvarlig i Dekode h\u00e5ndterer jeg majoriteten av henvendelser som kommer til Dekode. Vi ser oftere at st\u00f8rre eller mindre bedrifter kontakter oss, fordi de har h\u00f8rt at Dekode har en egen drift- og forvaltningsavdeling. Bakgrunn og historie er ofte den samme: de har en flott nettl\u00f8sning som man er relativt forn\u00f8yd med, men n\u00e5r det skal gj\u00f8re justeringer i l\u00f8sningen st\u00e5r man alene uten et st\u00f8tteapparat. N\u00e5r de ringer leverand\u00f8ren sin, sitter utviklerne, som opprinnelig gjorde l\u00f8sningen, l\u00e5st i andre prosjekter og hjelpen er langt unna.&nbsp;<\/p>\n\n\n\n<h2 class=\"wp-block-heading\" id=\"h-kunsten-a-tenke-langsiktig\">Kunsten \u00e5 tenke langsiktig<\/h2>\n\n\n\n<p>Forvaltning har blitt et av Dekodes st\u00f8rste fortrinn og noe vi m\u00e5 minne kunder p\u00e5 allerede n\u00e5r de ettersp\u00f8r en ny nettside. I konkurranser ettersp\u00f8rres ofte en leverand\u00f8r som tilbyr drift eller har en underleverand\u00f8r som gj\u00f8r det. Men bak dette ligger ofte kun tilgang til serverkapasitet. Da likestilles webbyr\u00e5er som bruker webhoteller med mer seri\u00f8se akt\u00f8rer, noe jeg som b\u00e5de salgsansvarlig og r\u00e5dgiver mener blir helt feil.&nbsp;<\/p>\n\n\n\n<p>Vi ser ogs\u00e5, at digitale tendenser kan gj\u00f8re at for eksempel et spesifikt CMS anbefales av store og flinke byr\u00e5er, men uten at forvaltning er tenkt som en essensiell del av en st\u00f8rre sammenheng. Da kommer kunder tilbake et par \u00e5r senere og forteller om hvordan de stod helt alene, etter \u00e5 ha valgt det som ble presentert som en vidunder-CMS. Da er det trygt \u00e5 bli presentert for en totalpakke med premium forvaltning, som ivaretar behovene deres fra start til slutt.<\/p>\n\n\n\n<h2 class=\"wp-block-heading\" id=\"h-vi-star-klare-til-a-hjelpe-deg\">Vi st\u00e5r klare til \u00e5 hjelpe deg<\/h2>\n\n\n\n<p>I Dekode ser vi at ogs\u00e5 flere andre leverand\u00f8rer har forst\u00e5tt verdien av forvaltning, men ikke vet hvordan de skal tilby det selv. I Dekode liker vi \u00e5 jobbe med andre kreative milj\u00f8er. Vi har flere faste partnere som har lagt driften av digitale l\u00f8sninger de har gjort utenom Dekode, til oss. Dette fordi de ser at det styrker kunderelasjonene deres. Forvaltning er en tjeneste som vi ikke bare tilbyr v\u00e5re kunder, men ogs\u00e5 kan tilby andre byr\u00e5er, som har digital modenhet og \u00f8nsker \u00e5 tilby kundene sine premium forvaltning.<\/p>\n\n\n\n<p>Dekodes forvaltningsavdeling er et beredskap av flinke WordPress utviklere som st\u00e5r til r\u00e5dighet for support, videreutvikling og optimalisering alle hverdager. Med dette beredskap er det enkelt for Dekode \u00e5 tilby b\u00e5de krisehjelp og forbedringer, supplert av v\u00e5re \u00f8vrige stab av designere og r\u00e5dgiver. Vi har faste forvaltningsavtaler som garanterer responstid og proaktiv overv\u00e5king av&nbsp;tekniske l\u00f8sning. I tillegg kan vi tilpasse serverkapasitet og sikkerhet til mer unike krav.&nbsp;<\/p>\n\n\n\n<p><a href=\"https:\/\/dekode2023.stage.dekodes.no\/forvaltning\/\" target=\"_blank\" rel=\"noreferrer noopener\" aria-label=\"Les mer om Dekodes drifts- og forvaltningsavdelingen her.&nbsp; (opens in a new tab)\">Les mer om Dekodes drifts- og forvaltningsavdelingen her.&nbsp;<\/a><\/p>\n\n\n\n<h2 class=\"wp-block-heading\" id=\"h-vil-du-ta-en-prat-med-oss-om-forvaltningsmuligheter-nbsp\">Vil du ta en prat med oss om forvaltningsmuligheter?&nbsp;<\/h2>\n\n\n\n<p>Send meg en mail \u2013 <a href=\"mailto:hei@dekode.no\">hei@dekode.no<\/a><br>Christian Buksti,&nbsp;<br>Salgsansvarlig \/ R\u00e5dgiver i Dekode<\/p>\n","protected":false},"excerpt":{"rendered":"<p>Det spiller ingen rolle hvor fin nettsiden din er, hvis du ikke klarer \u00e5 jobbe med den i det daglige. Salgssjef og r\u00e5dgiver Christian Buksti forteller om hvordan Dekodes forvaltningsavdeling leverer det som virkelig teller.<\/p>\n","protected":false},"author":44,"featured_media":1037,"comment_status":"open","ping_status":"open","sticky":false,"template":"","format":"standard","meta":{"t2_featured_media_focal_point":{"x":0.5,"y":0.5},"footnotes":""},"categories":[68],"tags":[],"class_list":["post-688","post","type-post","status-publish","format-standard","has-post-thumbnail","hentry","category-meninger"],"yoast_head":"<!-- This site is optimized with the Yoast SEO Premium plugin v25.3.1 (Yoast SEO v25.9) - https:\/\/yoast.com\/wordpress\/plugins\/seo\/ -->\n<title>Det er forvaltning som teller - Dekode EN<\/title>\n<meta name=\"description\" content=\"Det spiller ikke noen rolle hvor fin nettsiden er, hvis du ikke klarer \u00e5 jobbe med den i det daglige. Det er forvaltning som teller.\" \/>\n<meta name=\"robots\" content=\"index, follow, max-snippet:-1, max-image-preview:large, max-video-preview:-1\" \/>\n<link rel=\"canonical\" href=\"https:\/\/dekode2023.stage.dekodes.no\/en\/blog\/2020\/03\/17\/det-er-forvaltning-som-teller\/\" \/>\n<meta property=\"og:locale\" content=\"nb_NO\" \/>\n<meta property=\"og:type\" content=\"article\" \/>\n<meta property=\"og:title\" content=\"Det er forvaltning som teller\" \/>\n<meta property=\"og:description\" content=\"Det spiller ikke noen rolle hvor fin nettsiden er, hvis du ikke klarer \u00e5 jobbe med den i det daglige. Det er forvaltning som teller.\" \/>\n<meta property=\"og:url\" content=\"https:\/\/dekode2023.stage.dekodes.no\/en\/blog\/2020\/03\/17\/det-er-forvaltning-som-teller\/\" \/>\n<meta property=\"og:site_name\" content=\"Dekode EN\" \/>\n<meta property=\"article:published_time\" content=\"2020-03-17T19:43:21+00:00\" \/>\n<meta property=\"article:modified_time\" content=\"2023-10-12T19:54:28+00:00\" \/>\n<meta property=\"og:image\" content=\"https:\/\/dekode2023.stage.dekodes.no\/content\/uploads\/sites\/2\/2020\/09\/Dekode-forvaltning-ide-1.jpg\" \/>\n\t<meta property=\"og:image:width\" content=\"1280\" \/>\n\t<meta property=\"og:image:height\" content=\"800\" \/>\n\t<meta property=\"og:image:type\" content=\"image\/jpeg\" \/>\n<meta name=\"author\" content=\"Andreas Bengtsson\" \/>\n<meta name=\"twitter:card\" content=\"summary_large_image\" \/>\n<meta name=\"twitter:label1\" content=\"Skrevet av\" \/>\n\t<meta name=\"twitter:data1\" content=\"Andreas Bengtsson\" \/>\n\t<meta name=\"twitter:label2\" content=\"Ansl. lesetid\" \/>\n\t<meta name=\"twitter:data2\" content=\"5 minutter\" \/>\n<script type=\"application\/ld+json\" class=\"yoast-schema-graph\">{\"@context\":\"https:\/\/schema.org\",\"@graph\":[{\"@type\":\"WebPage\",\"@id\":\"https:\/\/dekode2023.stage.dekodes.no\/en\/blog\/2020\/03\/17\/det-er-forvaltning-som-teller\/\",\"url\":\"https:\/\/dekode2023.stage.dekodes.no\/en\/blog\/2020\/03\/17\/det-er-forvaltning-som-teller\/\",\"name\":\"Det er forvaltning som teller - Dekode EN\",\"isPartOf\":{\"@id\":\"https:\/\/dekode2023.stage.dekodes.no\/en\/#website\"},\"primaryImageOfPage\":{\"@id\":\"https:\/\/dekode2023.stage.dekodes.no\/en\/blog\/2020\/03\/17\/det-er-forvaltning-som-teller\/#primaryimage\"},\"image\":{\"@id\":\"https:\/\/dekode2023.stage.dekodes.no\/en\/blog\/2020\/03\/17\/det-er-forvaltning-som-teller\/#primaryimage\"},\"thumbnailUrl\":\"https:\/\/dekode2023.stage.dekodes.no\/content\/uploads\/sites\/2\/2020\/09\/Dekode-forvaltning-ide-1.jpg\",\"datePublished\":\"2020-03-17T19:43:21+00:00\",\"dateModified\":\"2023-10-12T19:54:28+00:00\",\"author\":{\"@id\":\"https:\/\/dekode2023.stage.dekodes.no\/en\/#\/schema\/person\/98208bb80f3ad7a426c62d1e6dc3b040\"},\"description\":\"Det spiller ikke noen rolle hvor fin nettsiden er, hvis du ikke klarer \u00e5 jobbe med den i det daglige. Det er forvaltning som teller.\",\"breadcrumb\":{\"@id\":\"https:\/\/dekode2023.stage.dekodes.no\/en\/blog\/2020\/03\/17\/det-er-forvaltning-som-teller\/#breadcrumb\"},\"inLanguage\":\"nb-NO\",\"potentialAction\":[{\"@type\":\"ReadAction\",\"target\":[\"https:\/\/dekode2023.stage.dekodes.no\/en\/blog\/2020\/03\/17\/det-er-forvaltning-som-teller\/\"]}]},{\"@type\":\"ImageObject\",\"inLanguage\":\"nb-NO\",\"@id\":\"https:\/\/dekode2023.stage.dekodes.no\/en\/blog\/2020\/03\/17\/det-er-forvaltning-som-teller\/#primaryimage\",\"url\":\"https:\/\/dekode2023.stage.dekodes.no\/content\/uploads\/sites\/2\/2020\/09\/Dekode-forvaltning-ide-1.jpg\",\"contentUrl\":\"https:\/\/dekode2023.stage.dekodes.no\/content\/uploads\/sites\/2\/2020\/09\/Dekode-forvaltning-ide-1.jpg\",\"width\":1280,\"height\":800},{\"@type\":\"BreadcrumbList\",\"@id\":\"https:\/\/dekode2023.stage.dekodes.no\/en\/blog\/2020\/03\/17\/det-er-forvaltning-som-teller\/#breadcrumb\",\"itemListElement\":[{\"@type\":\"ListItem\",\"position\":1,\"name\":\"Hjem\",\"item\":\"https:\/\/dekode2023.stage.dekodes.no\/en\/\"},{\"@type\":\"ListItem\",\"position\":2,\"name\":\"Det er forvaltning som teller\"}]},{\"@type\":\"WebSite\",\"@id\":\"https:\/\/dekode2023.stage.dekodes.no\/en\/#website\",\"url\":\"https:\/\/dekode2023.stage.dekodes.no\/en\/\",\"name\":\"Dekode EN\",\"description\":\"Design og utvikling p\u00e5 WordPress\",\"potentialAction\":[{\"@type\":\"SearchAction\",\"target\":{\"@type\":\"EntryPoint\",\"urlTemplate\":\"https:\/\/dekode2023.stage.dekodes.no\/en\/?s={search_term_string}\"},\"query-input\":{\"@type\":\"PropertyValueSpecification\",\"valueRequired\":true,\"valueName\":\"search_term_string\"}}],\"inLanguage\":\"nb-NO\"},{\"@type\":\"Person\",\"@id\":\"https:\/\/dekode2023.stage.dekodes.no\/en\/#\/schema\/person\/98208bb80f3ad7a426c62d1e6dc3b040\",\"name\":\"Andreas Bengtsson\",\"image\":{\"@type\":\"ImageObject\",\"inLanguage\":\"nb-NO\",\"@id\":\"https:\/\/dekode2023.stage.dekodes.no\/en\/#\/schema\/person\/image\/\",\"url\":\"https:\/\/secure.gravatar.com\/avatar\/8c34347e2585579beca29880fdb22e02?s=96&d=mm&r=g\",\"contentUrl\":\"https:\/\/secure.gravatar.com\/avatar\/8c34347e2585579beca29880fdb22e02?s=96&d=mm&r=g\",\"caption\":\"Andreas Bengtsson\"},\"jobTitle\":\"Kommersiell leder (CCO)\",\"url\":\"https:\/\/dekode2023.stage.dekodes.no\/en\/blog\/author\/andreas\/\"}]}<\/script>\n<!-- \/ Yoast SEO Premium plugin. -->","yoast_head_json":{"title":"Det er forvaltning som teller - Dekode EN","description":"Det spiller ikke noen rolle hvor fin nettsiden er, hvis du ikke klarer \u00e5 jobbe med den i det daglige. Det er forvaltning som teller.","robots":{"index":"index","follow":"follow","max-snippet":"max-snippet:-1","max-image-preview":"max-image-preview:large","max-video-preview":"max-video-preview:-1"},"canonical":"https:\/\/dekode2023.stage.dekodes.no\/en\/blog\/2020\/03\/17\/det-er-forvaltning-som-teller\/","og_locale":"nb_NO","og_type":"article","og_title":"Det er forvaltning som teller","og_description":"Det spiller ikke noen rolle hvor fin nettsiden er, hvis du ikke klarer \u00e5 jobbe med den i det daglige. Det er forvaltning som teller.","og_url":"https:\/\/dekode2023.stage.dekodes.no\/en\/blog\/2020\/03\/17\/det-er-forvaltning-som-teller\/","og_site_name":"Dekode EN","article_published_time":"2020-03-17T19:43:21+00:00","article_modified_time":"2023-10-12T19:54:28+00:00","og_image":[{"width":1280,"height":800,"url":"https:\/\/dekode2023.stage.dekodes.no\/content\/uploads\/sites\/2\/2020\/09\/Dekode-forvaltning-ide-1.jpg","type":"image\/jpeg"}],"author":"Andreas Bengtsson","twitter_card":"summary_large_image","twitter_misc":{"Skrevet av":"Andreas Bengtsson","Ansl. lesetid":"5 minutter"},"schema":{"@context":"https:\/\/schema.org","@graph":[{"@type":"WebPage","@id":"https:\/\/dekode2023.stage.dekodes.no\/en\/blog\/2020\/03\/17\/det-er-forvaltning-som-teller\/","url":"https:\/\/dekode2023.stage.dekodes.no\/en\/blog\/2020\/03\/17\/det-er-forvaltning-som-teller\/","name":"Det er forvaltning som teller - Dekode EN","isPartOf":{"@id":"https:\/\/dekode2023.stage.dekodes.no\/en\/#website"},"primaryImageOfPage":{"@id":"https:\/\/dekode2023.stage.dekodes.no\/en\/blog\/2020\/03\/17\/det-er-forvaltning-som-teller\/#primaryimage"},"image":{"@id":"https:\/\/dekode2023.stage.dekodes.no\/en\/blog\/2020\/03\/17\/det-er-forvaltning-som-teller\/#primaryimage"},"thumbnailUrl":"https:\/\/dekode2023.stage.dekodes.no\/content\/uploads\/sites\/2\/2020\/09\/Dekode-forvaltning-ide-1.jpg","datePublished":"2020-03-17T19:43:21+00:00","dateModified":"2023-10-12T19:54:28+00:00","author":{"@id":"https:\/\/dekode2023.stage.dekodes.no\/en\/#\/schema\/person\/98208bb80f3ad7a426c62d1e6dc3b040"},"description":"Det spiller ikke noen rolle hvor fin nettsiden er, hvis du ikke klarer \u00e5 jobbe med den i det daglige. Det er forvaltning som teller.","breadcrumb":{"@id":"https:\/\/dekode2023.stage.dekodes.no\/en\/blog\/2020\/03\/17\/det-er-forvaltning-som-teller\/#breadcrumb"},"inLanguage":"nb-NO","potentialAction":[{"@type":"ReadAction","target":["https:\/\/dekode2023.stage.dekodes.no\/en\/blog\/2020\/03\/17\/det-er-forvaltning-som-teller\/"]}]},{"@type":"ImageObject","inLanguage":"nb-NO","@id":"https:\/\/dekode2023.stage.dekodes.no\/en\/blog\/2020\/03\/17\/det-er-forvaltning-som-teller\/#primaryimage","url":"https:\/\/dekode2023.stage.dekodes.no\/content\/uploads\/sites\/2\/2020\/09\/Dekode-forvaltning-ide-1.jpg","contentUrl":"https:\/\/dekode2023.stage.dekodes.no\/content\/uploads\/sites\/2\/2020\/09\/Dekode-forvaltning-ide-1.jpg","width":1280,"height":800},{"@type":"BreadcrumbList","@id":"https:\/\/dekode2023.stage.dekodes.no\/en\/blog\/2020\/03\/17\/det-er-forvaltning-som-teller\/#breadcrumb","itemListElement":[{"@type":"ListItem","position":1,"name":"Hjem","item":"https:\/\/dekode2023.stage.dekodes.no\/en\/"},{"@type":"ListItem","position":2,"name":"Det er forvaltning som teller"}]},{"@type":"WebSite","@id":"https:\/\/dekode2023.stage.dekodes.no\/en\/#website","url":"https:\/\/dekode2023.stage.dekodes.no\/en\/","name":"Dekode EN","description":"Design og utvikling p\u00e5 WordPress","potentialAction":[{"@type":"SearchAction","target":{"@type":"EntryPoint","urlTemplate":"https:\/\/dekode2023.stage.dekodes.no\/en\/?s={search_term_string}"},"query-input":{"@type":"PropertyValueSpecification","valueRequired":true,"valueName":"search_term_string"}}],"inLanguage":"nb-NO"},{"@type":"Person","@id":"https:\/\/dekode2023.stage.dekodes.no\/en\/#\/schema\/person\/98208bb80f3ad7a426c62d1e6dc3b040","name":"Andreas Bengtsson","image":{"@type":"ImageObject","inLanguage":"nb-NO","@id":"https:\/\/dekode2023.stage.dekodes.no\/en\/#\/schema\/person\/image\/","url":"https:\/\/secure.gravatar.com\/avatar\/8c34347e2585579beca29880fdb22e02?s=96&d=mm&r=g","contentUrl":"https:\/\/secure.gravatar.com\/avatar\/8c34347e2585579beca29880fdb22e02?s=96&d=mm&r=g","caption":"Andreas Bengtsson"},"jobTitle":"Kommersiell leder (CCO)","url":"https:\/\/dekode2023.stage.dekodes.no\/en\/blog\/author\/andreas\/"}]}},"_links":{"self":[{"href":"https:\/\/dekode2023.stage.dekodes.no\/en\/wp-json\/wp\/v2\/posts\/688","targetHints":{"allow":["GET"]}}],"collection":[{"href":"https:\/\/dekode2023.stage.dekodes.no\/en\/wp-json\/wp\/v2\/posts"}],"about":[{"href":"https:\/\/dekode2023.stage.dekodes.no\/en\/wp-json\/wp\/v2\/types\/post"}],"author":[{"embeddable":true,"href":"https:\/\/dekode2023.stage.dekodes.no\/en\/wp-json\/wp\/v2\/users\/44"}],"replies":[{"embeddable":true,"href":"https:\/\/dekode2023.stage.dekodes.no\/en\/wp-json\/wp\/v2\/comments?post=688"}],"version-history":[{"count":3,"href":"https:\/\/dekode2023.stage.dekodes.no\/en\/wp-json\/wp\/v2\/posts\/688\/revisions"}],"predecessor-version":[{"id":13063,"href":"https:\/\/dekode2023.stage.dekodes.no\/en\/wp-json\/wp\/v2\/posts\/688\/revisions\/13063"}],"wp:featuredmedia":[{"embeddable":true,"href":"https:\/\/dekode2023.stage.dekodes.no\/en\/wp-json\/wp\/v2\/media\/1037"}],"wp:attachment":[{"href":"https:\/\/dekode2023.stage.dekodes.no\/en\/wp-json\/wp\/v2\/media?parent=688"}],"wp:term":[{"taxonomy":"category","embeddable":true,"href":"https:\/\/dekode2023.stage.dekodes.no\/en\/wp-json\/wp\/v2\/categories?post=688"},{"taxonomy":"post_tag","embeddable":true,"href":"https:\/\/dekode2023.stage.dekodes.no\/en\/wp-json\/wp\/v2\/tags?post=688"}],"curies":[{"name":"wp","href":"https:\/\/api.w.org\/{rel}","templated":true}]}}